{"id":1714,"date":"2024-04-09T19:51:25","date_gmt":"2024-04-09T19:51:25","guid":{"rendered":"https:\/\/sanignacioguazu.gov.py\/?p=1714"},"modified":"2024-04-10T19:53:43","modified_gmt":"2024-04-10T19:53:43","slug":"gobierno-municipal-inicia-poda-de-arboles-ubicados-sobre-avenidas-principales-y-espacios-publicos","status":"publish","type":"post","link":"https:\/\/sanignacioguazu.gov.py\/index.php\/2024\/04\/09\/gobierno-municipal-inicia-poda-de-arboles-ubicados-sobre-avenidas-principales-y-espacios-publicos\/","title":{"rendered":"GOBIERNO MUNICIPAL INICIA PODA DE \u00c1RBOLES UBICADOS SOBRE  AVENIDAS PRINCIPALES Y ESPACIOS P\u00daBLICOS."},"content":{"rendered":"<div class=\"x11i5rnm xat24cr x1mh8g0r x1vvkbs xtlvy1s x126k92a\">\n<div dir=\"auto\">Esta ma\u00f1ana en la plaza Capit\u00e1n Alfonso Del Puerto con la presencia de la intendente Lic. Cristina Ayala y miembros de su gabinete se di\u00f3 apertura oficial a la tarea de poda de mantenimiento de \u00e1rboles ubicados en las principales avenidas, calles transversales y espacios p\u00fablicos. El lanzamiento oficial se concret\u00f3 con la participaci\u00f3n de los representantes de medios de prensa.<\/div>\n<\/div>\n<div dir=\"auto\"><\/div>\n<div dir=\"auto\">\n<div class=\"x11i5rnm xat24cr x1mh8g0r x1vvkbs xtlvy1s x126k92a\">\n<div dir=\"auto\">Este a\u00f1o el gobierno local est\u00e1 destinando m\u00e1s personales que tendr\u00e1n exclusiva responsabilidad en este trabajo y fiscalizadores experimentados en materia forestal.<\/div>\n<\/div>\n<\/div>\n<div dir=\"auto\"><\/div>\n<div dir=\"auto\">\n<div class=\"x11i5rnm xat24cr x1mh8g0r x1vvkbs xtlvy1s x126k92a\">\n<div dir=\"auto\">La fiscalizaci\u00f3n y coordinaci\u00f3n de la tarea estar\u00e1 a cargo de la Ing. Lissandry Rodr\u00edguez desde la Secretar\u00eda de Gesti\u00f3n Ambiental del Municipio y el ambietalista Sr. L\u00edder Medina, este \u00faltimo con la responsabilidad de ejecutar el trabajo de poda con personales que estar\u00e1n a su cargo. En las plazas y parques aquellos \u00e1rboles que han sufrido alg\u00fan desgaje por tormenta se proceder\u00e1 al corte definitivo de la parte afectada por cuesti\u00f3n de seguridad.<\/div>\n<\/div>\n<\/div>\n<div dir=\"auto\"><\/div>\n<div dir=\"auto\">\n<div class=\"x11i5rnm xat24cr x1mh8g0r x1vvkbs xtlvy1s x126k92a\">\n<div dir=\"auto\">La Municipalidad por su parte ha adquirido los elementos de trabajo necesarios apropiado para la ejecuci\u00f3n de la tarea como as\u00ed tambi\u00e9n para la seguridad de los trabajadores.<\/div>\n<\/div>\n<\/div>\n<div dir=\"auto\"><\/div>\n<div dir=\"auto\">\n<div class=\"x11i5rnm xat24cr x1mh8g0r x1vvkbs xtlvy1s x126k92a\">\n<div dir=\"auto\">Cabe mencionar que el \u00faltimo fin de semana se ha hecho ya algunos trabajos en los predios de instituciones educativas principalmente en aquellas que requer\u00eda de forma urgente por cuesti\u00f3n de seguridad. Dicho trabajo va continuar en los pr\u00f3ximos d\u00edas ho h\u00e1biles de acuerdo a solicitudes de los directores y dependiendo de la disponibilidad presupuestaria de la instituci\u00f3n.<\/div>\n<\/div>\n<\/div>\n<div dir=\"auto\"><\/div>\n<div dir=\"auto\">\n<div dir=\"auto\">La tem\u00e1tica a ser implementada este a\u00f1o consiste en realizar la poda y retirar las ramas al mismo tiempo para su dep\u00f3sito final en el predio del relleno sanitario.<\/div>\n<\/div>\n<div dir=\"auto\"><\/div>\n<div dir=\"auto\"><span class=\"x193iq5w xeuugli x13faqbe x1vvkbs x1xmvt09 x1lliihq x1s928wv xhkezso x1gmr53x x1cpjm7i x1fgarty x1943h6x xudqn12 x3x7a5m x6prxxf xvq8zen xo1l8bm xzsf02u x1yc453h\" dir=\"auto\">Se informa a la ciudadan\u00eda, aquellas personas que desean dar uso a las ramas cortadas pueden retirar por su medio propio, previo contacto con los responsables.\u00a0<\/span><\/div>\n<div dir=\"auto\"><\/div>\n<div dir=\"auto\">\n<div class=\"x11i5rnm xat24cr x1mh8g0r x1vvkbs xtlvy1s x126k92a\">\n<div dir=\"auto\">El resguardo de los trabajadores estar\u00e1 a cargo de los inspectores de tr\u00e1nsito, desde la direcci\u00f3n de tr\u00e1nsito el director Fredi Gonz\u00e1lez solicita la tolerancia y conducir con mucha prudencia en la zona donde se est\u00e1 realizando el procedimiento de poda.<\/div>\n<\/div>\n<\/div>\n<div dir=\"auto\"><\/div>\n<div dir=\"auto\"><img fetchpriority=\"high\" decoding=\"async\" class=\"size-full wp-image-1715 aligncenter\" src=\"https:\/\/sanignacioguazu.gov.py\/wp-content\/uploads\/2024\/04\/435246347_381220668215734_6332637639581832481_n.jpg\" alt=\"\" width=\"400\" height=\"600\" srcset=\"https:\/\/sanignacioguazu.gov.py\/wp-content\/uploads\/2024\/04\/435246347_381220668215734_6332637639581832481_n.jpg 400w, https:\/\/sanignacioguazu.gov.py\/wp-content\/uploads\/2024\/04\/435246347_381220668215734_6332637639581832481_n-200x300.jpg 200w\" sizes=\"(max-width: 400px) 100vw, 400px\" \/> <img decoding=\"async\" class=\"size-full wp-image-1716 aligncenter\" src=\"https:\/\/sanignacioguazu.gov.py\/wp-content\/uploads\/2024\/04\/435265474_381219611549173_5916910669580313626_n.jpg\" alt=\"\" width=\"593\" height=\"395\" srcset=\"https:\/\/sanignacioguazu.gov.py\/wp-content\/uploads\/2024\/04\/435265474_381219611549173_5916910669580313626_n.jpg 593w, https:\/\/sanignacioguazu.gov.py\/wp-content\/uploads\/2024\/04\/435265474_381219611549173_5916910669580313626_n-300x200.jpg 300w\" sizes=\"(max-width: 593px) 100vw, 593px\" \/> <img decoding=\"async\" class=\"size-full wp-image-1717 aligncenter\" src=\"https:\/\/sanignacioguazu.gov.py\/wp-content\/uploads\/2024\/04\/435109709_381219358215865_5978906916219429425_n.jpg\" alt=\"\" width=\"593\" height=\"395\" srcset=\"https:\/\/sanignacioguazu.gov.py\/wp-content\/uploads\/2024\/04\/435109709_381219358215865_5978906916219429425_n.jpg 593w, https:\/\/sanignacioguazu.gov.py\/wp-content\/uploads\/2024\/04\/435109709_381219358215865_5978906916219429425_n-300x200.jpg 300w\" sizes=\"(max-width: 593px) 100vw, 593px\" \/><\/div>\n","protected":false},"excerpt":{"rendered":"<p>Esta ma\u00f1ana en la plaza Capit\u00e1n Alfonso Del Puerto con la presencia de la intendente&#8230;<\/p>\n","protected":false},"author":1,"featured_media":1717,"comment_status":"closed","ping_status":"closed","sticky":false,"template":"","format":"standard","meta":{"footnotes":""},"categories":[3],"tags":[],"class_list":["post-1714","post","type-post","status-publish","format-standard","has-post-thumbnail","hentry","category-noticias"],"featured_image_urls":{"full":["https:\/\/sanignacioguazu.gov.py\/wp-content\/uploads\/2024\/04\/435109709_381219358215865_5978906916219429425_n.jpg",593,395,false],"thumbnail":["https:\/\/sanignacioguazu.gov.py\/wp-content\/uploads\/2024\/04\/435109709_381219358215865_5978906916219429425_n-150x150.jpg",150,150,true],"medium":["https:\/\/sanignacioguazu.gov.py\/wp-content\/uploads\/2024\/04\/435109709_381219358215865_5978906916219429425_n-300x200.jpg",300,200,true],"medium_large":["https:\/\/sanignacioguazu.gov.py\/wp-content\/uploads\/2024\/04\/435109709_381219358215865_5978906916219429425_n.jpg",593,395,false],"large":["https:\/\/sanignacioguazu.gov.py\/wp-content\/uploads\/2024\/04\/435109709_381219358215865_5978906916219429425_n.jpg",593,395,false],"1536x1536":["https:\/\/sanignacioguazu.gov.py\/wp-content\/uploads\/2024\/04\/435109709_381219358215865_5978906916219429425_n.jpg",593,395,false],"2048x2048":["https:\/\/sanignacioguazu.gov.py\/wp-content\/uploads\/2024\/04\/435109709_381219358215865_5978906916219429425_n.jpg",593,395,false],"covernews-slider-full":["https:\/\/sanignacioguazu.gov.py\/wp-content\/uploads\/2024\/04\/435109709_381219358215865_5978906916219429425_n.jpg",593,395,false],"covernews-slider-center":["https:\/\/sanignacioguazu.gov.py\/wp-content\/uploads\/2024\/04\/435109709_381219358215865_5978906916219429425_n.jpg",593,395,false],"covernews-featured":["https:\/\/sanignacioguazu.gov.py\/wp-content\/uploads\/2024\/04\/435109709_381219358215865_5978906916219429425_n.jpg",593,395,false],"covernews-medium":["https:\/\/sanignacioguazu.gov.py\/wp-content\/uploads\/2024\/04\/435109709_381219358215865_5978906916219429425_n-540x340.jpg",540,340,true],"covernews-medium-square":["https:\/\/sanignacioguazu.gov.py\/wp-content\/uploads\/2024\/04\/435109709_381219358215865_5978906916219429425_n-400x250.jpg",400,250,true]},"author_info":{"display_name":"admin","author_link":"https:\/\/sanignacioguazu.gov.py\/index.php\/author\/surconsult\/"},"category_info":"<a href=\"https:\/\/sanignacioguazu.gov.py\/index.php\/category\/noticias\/\" rel=\"category tag\">Noticias<\/a>","tag_info":"Noticias","comment_count":"0","_links":{"self":[{"href":"https:\/\/sanignacioguazu.gov.py\/index.php\/wp-json\/wp\/v2\/posts\/1714","targetHints":{"allow":["GET"]}}],"collection":[{"href":"https:\/\/sanignacioguazu.gov.py\/index.php\/wp-json\/wp\/v2\/posts"}],"about":[{"href":"https:\/\/sanignacioguazu.gov.py\/index.php\/wp-json\/wp\/v2\/types\/post"}],"author":[{"embeddable":true,"href":"https:\/\/sanignacioguazu.gov.py\/index.php\/wp-json\/wp\/v2\/users\/1"}],"replies":[{"embeddable":true,"href":"https:\/\/sanignacioguazu.gov.py\/index.php\/wp-json\/wp\/v2\/comments?post=1714"}],"version-history":[{"count":1,"href":"https:\/\/sanignacioguazu.gov.py\/index.php\/wp-json\/wp\/v2\/posts\/1714\/revisions"}],"predecessor-version":[{"id":1718,"href":"https:\/\/sanignacioguazu.gov.py\/index.php\/wp-json\/wp\/v2\/posts\/1714\/revisions\/1718"}],"wp:featuredmedia":[{"embeddable":true,"href":"https:\/\/sanignacioguazu.gov.py\/index.php\/wp-json\/wp\/v2\/media\/1717"}],"wp:attachment":[{"href":"https:\/\/sanignacioguazu.gov.py\/index.php\/wp-json\/wp\/v2\/media?parent=1714"}],"wp:term":[{"taxonomy":"category","embeddable":true,"href":"https:\/\/sanignacioguazu.gov.py\/index.php\/wp-json\/wp\/v2\/categories?post=1714"},{"taxonomy":"post_tag","embeddable":true,"href":"https:\/\/sanignacioguazu.gov.py\/index.php\/wp-json\/wp\/v2\/tags?post=1714"}],"curies":[{"name":"wp","href":"https:\/\/api.w.org\/{rel}","templated":true}]}}